{"id":813,"date":"2011-08-17T01:15:49","date_gmt":"2011-08-16T23:15:49","guid":{"rendered":"http:\/\/www.erachiaro.com\/erachiaro\/?p=813"},"modified":"2011-08-17T01:15:49","modified_gmt":"2011-08-16T23:15:49","slug":"non-credi-alle-favole-era-chiaro-gia-a-lavoro-per-il-terzo-album-da-solista","status":"publish","type":"post","link":"https:\/\/www.erachiaro.com\/erachiaro\/non-credi-alle-favole-era-chiaro-gia-a-lavoro-per-il-terzo-album-da-solista\/","title":{"rendered":"(Non) Credi alle favole ?!? Era chiaro. gi\u00e0 a lavoro per il terzo album da solista."},"content":{"rendered":"<div>\n<p style=\"text-align: center;\">L&#8217;album <span style=\"color: #ff0000;\">(NON) CREDI ALLE FAVOLE ?!? <\/span>\u00e8 ormai ad un passo dall&#8217;essere pubblicato e prossimo all&#8217;uscita. Tuttavia potranno esserci cambiamenti last-minute riguardo alla playlist che sar\u00e0 comunque di 12 brani inediti.<\/p>\n<p style=\"text-align: center;\">Questo perch\u00e9 Stefano Pettini st\u00e0 ancora valutando \/ scegliendo i brani da inserire \u00a0.<\/p>\n<p style=\"text-align: center;\">Qui sotto trovate una playlist attendibile al 77 %.<\/p>\n<p style=\"text-align: center;\"><span style=\"text-decoration: underline;\">Inoltre, da stasera Stefano &#8220;Era chiaro.&#8221; Pettini \u00e8 gi\u00e0 al lavoro al suo terzo album che st\u00e0 prendendo magicamente e rapidamente forma&#8230; e che stavolta non richieder\u00e0 alcuna lunga gestazione come \u00e8 successo in passato.<\/span><\/p>\n<p style=\"text-align: center;\">Stay tuned.<\/p>\n<p style=\"text-align: center;\"><a href=\"http:\/\/itunes.apple.com\/it\/album\/mi-disse-caro-ti-dispiace\/id276849617\"><span style=\"color: #ff0000;\">E per chi ancora non avesse l&#8217;avesse acquistato MI DISSE:&#8221; Caro ti dispiace se ti togo dalla porta il nome &#8221; \u00e8 sempre in vendita su Itunes al prezzo promozionale di euro 8,99<\/span><\/a><\/p>\n<p style=\"text-align: center;\">Continuate a seguire le news su questo sito o agganciatevi sul social network Facebook alla pagina <a href=\"http:\/\/www.facebook.com\/erachiaro\">www.facebook.com\/erachiaro<\/a>.<\/p>\n<p style=\"text-align: center;\">\n<p style=\"text-align: center;\"><a href=\"http:\/\/www.erachiaro.com\/erachiaro\/wp-content\/uploads\/2011\/04\/copertina-non-credi-alle-fav.jpg\"><img loading=\"lazy\" decoding=\"async\" class=\"aligncenter\" title=\"copertina non credi alle fav\" src=\"http:\/\/www.erachiaro.com\/erachiaro\/wp-content\/uploads\/2011\/04\/copertina-non-credi-alle-fav.jpg\" alt=\"\" width=\"417\" height=\"417\" \/><\/a><\/p>\n<p>1. (NON) CREDI ALLE FAVOLE ?!?<\/p>\n<p>2. LA VITA SEGNA E(P)PURE INSEGNA<\/p>\n<p>3. SATELLITE INTORNO<\/p>\n<p>4. COLORI DI DONNA<\/p>\n<p>5. MAMMALO<\/p>\n<p>6. PILLOLE DI ATTIMI<\/p>\n<p>7. IL PARADISO CHE E\u2019 NEL CAVEAU<\/p>\n<p>8. MA3MONIO<\/p>\n<p>9. PAGINE<\/p>\n<p>10. VOGLIO USCIRE<\/p>\n<p>11. UN GPS IN QUESTO MARE<\/p>\n<p>12. VITA FATTA DI EMOZIONI<\/p>\n<\/div>\n","protected":false},"excerpt":{"rendered":"<p>L&#8217;album (NON) CREDI ALLE FAVOLE ?!? \u00e8 ormai ad un passo dall&#8217;essere pubblicato e prossimo all&#8217;uscita. Tuttavia potranno esserci cambiamenti last-minute riguardo alla playlist che sar\u00e0 comunque di 12 brani inediti. Questo perch\u00e9 Stefano Pettini st\u00e0 ancora valutando \/ scegliendo i brani da inserire \u00a0. Qui sotto trovate una playlist attendibile al 77 %. Inoltre, da stasera Stefano &#8220;Era chiaro.&#8221; Pettini \u00e8 gi\u00e0 al lavoro al suo terzo album che st\u00e0 prendendo magicamente e rapidamente forma&#8230; e che stavolta non<a href=\"https:\/\/www.erachiaro.com\/erachiaro\/non-credi-alle-favole-era-chiaro-gia-a-lavoro-per-il-terzo-album-da-solista\/\" class=\"more-link\"><span class=\"readmore\">Continue reading<span class=\"screen-reader-text\">(Non) Credi alle favole ?!? Era chiaro. gi\u00e0 a lavoro per il terzo album da solista.<\/span><\/span><\/a><\/p>\n","protected":false},"author":1,"featured_media":0,"comment_status":"open","ping_status":"open","sticky":false,"template":"","format":"standard","meta":{"jetpack_post_was_ever_published":false,"_jetpack_newsletter_access":"","_jetpack_dont_email_post_to_subs":false,"_jetpack_newsletter_tier_id":0,"_jetpack_memberships_contains_paywalled_content":false,"_jetpack_memberships_contains_paid_content":false,"footnotes":"","jetpack_publicize_message":"","jetpack_publicize_feature_enabled":true,"jetpack_social_post_already_shared":false,"jetpack_social_options":{"image_generator_settings":{"template":"highway","enabled":false},"version":2},"_links_to":"","_links_to_target":""},"categories":[8],"tags":[],"class_list":["post-813","post","type-post","status-publish","format-standard","hentry","category-news"],"jetpack_publicize_connections":[],"jetpack_featured_media_url":"","jetpack_sharing_enabled":true,"jetpack_shortlink":"https:\/\/wp.me\/ptsMu-d7","jetpack_likes_enabled":true,"_links":{"self":[{"href":"https:\/\/www.erachiaro.com\/erachiaro\/wp-json\/wp\/v2\/posts\/813"}],"collection":[{"href":"https:\/\/www.erachiaro.com\/erachiaro\/wp-json\/wp\/v2\/posts"}],"about":[{"href":"https:\/\/www.erachiaro.com\/erachiaro\/wp-json\/wp\/v2\/types\/post"}],"author":[{"embeddable":true,"href":"https:\/\/www.erachiaro.com\/erachiaro\/wp-json\/wp\/v2\/users\/1"}],"replies":[{"embeddable":true,"href":"https:\/\/www.erachiaro.com\/erachiaro\/wp-json\/wp\/v2\/comments?post=813"}],"version-history":[{"count":2,"href":"https:\/\/www.erachiaro.com\/erachiaro\/wp-json\/wp\/v2\/posts\/813\/revisions"}],"predecessor-version":[{"id":815,"href":"https:\/\/www.erachiaro.com\/erachiaro\/wp-json\/wp\/v2\/posts\/813\/revisions\/815"}],"wp:attachment":[{"href":"https:\/\/www.erachiaro.com\/erachiaro\/wp-json\/wp\/v2\/media?parent=813"}],"wp:term":[{"taxonomy":"category","embeddable":true,"href":"https:\/\/www.erachiaro.com\/erachiaro\/wp-json\/wp\/v2\/categories?post=813"},{"taxonomy":"post_tag","embeddable":true,"href":"https:\/\/www.erachiaro.com\/erachiaro\/wp-json\/wp\/v2\/tags?post=813"}],"curies":[{"name":"wp","href":"https:\/\/api.w.org\/{rel}","templated":true}]}}