{"id":765,"date":"2011-07-13T09:52:58","date_gmt":"2011-07-13T07:52:58","guid":{"rendered":"http:\/\/www.erachiaro.com\/erachiaro\/?p=765"},"modified":"2011-07-14T20:29:21","modified_gmt":"2011-07-14T18:29:21","slug":"verso-la-finalissima-di-spazio-dautore","status":"publish","type":"post","link":"https:\/\/www.erachiaro.com\/erachiaro\/verso-la-finalissima-di-spazio-dautore\/","title":{"rendered":"Verso la Finalissima di Spazio d&#8217;Autore"},"content":{"rendered":"<p>Tratto da <a href=\"http:\/\/www.fiofamagazine.com\">FiofaMagazine.com<\/a><\/p>\n<p><a href=\"http:\/\/www.erachiaro.com\/erachiaro\/wp-content\/uploads\/2011\/04\/spaziodautore.png\"><img loading=\"lazy\" decoding=\"async\" class=\"aligncenter size-medium wp-image-459\" title=\"spaziod'autore\" src=\"http:\/\/www.erachiaro.com\/erachiaro\/wp-content\/uploads\/2011\/04\/spaziodautore-300x107.png\" alt=\"\" width=\"300\" height=\"107\" srcset=\"https:\/\/www.erachiaro.com\/erachiaro\/wp-content\/uploads\/2011\/04\/spaziodautore-300x107.png 300w, https:\/\/www.erachiaro.com\/erachiaro\/wp-content\/uploads\/2011\/04\/spaziodautore.png 408w\" sizes=\"(max-width: 300px) 100vw, 300px\" \/><\/a><\/p>\n<h2 style=\"text-align: center;\"><a title=\"Permanent Link to serate finali di Spazio d\u2019Autore\" rel=\"bookmark\" href=\"http:\/\/www.fiofamagazine.com\/?p=1981\">Serate finali di Spazio d\u2019Autore<\/a><\/h2>\n<div style=\"text-align: center;\">\n<div>\n<h2>15 LUGLIO AL ROCK VILLAGE Livorno<\/h2>\n<h2 style=\"text-align: center;\">16 LUGLIO IN FORTEZZA VECCHIA \u00a0a LIVORNO<\/h2>\n<p><strong>Spazio d\u2019Autore, festival contenitore, venerdi 15 luglio 2011 dedica il Touch Down interamente\u00a0 alle nuove leve del cantautorato e all\u2019assegnazione dei premi. Nel contesto del Rock Village a Livorno, all\u2019interno di Villa Corridi in Via di Collinaia, 19 \/ ore 21.<\/strong><\/p>\n<p><strong> <\/strong><\/p>\n<p><strong> <\/strong><\/p>\n<p>Dopo mesi di selezioni da una ricca rosa di partecipanti e dopo aver conosciuto i tredici\u00a0 finalisti grazie alle vetrine che si sono svolte lo scorso aprile presso l\u2019Elvis Fan Club di Stagno Livorno, siamo finalmente giunti al Touch down\u00a0 e molto presto, venerdi 15 luglio , saranno acclamati i vincitori delle tre storiche categorie dedicate : Non Sense, Teatro\/Canzone omaggio a Gaber e New Generation, di Spazio d\u2019Autore 2011.<\/p>\n<p>A \u201cscontrarsi\u201d a colpi d\u2019inedito e di ricerca musicale saranno in dodici, escluso dalla gara ma non dalla compilation con i meritevoli che ce l\u2019hanno fatta: Marco Bennici, che proprio in quei giorni consuma il suo viaggio di nozze e al quale facciamo i migliori auguri !.<\/p>\n<p>A contendersi i premi, in realt\u00e0 cinque, poiche\u2019 ai tre classici si aggiunge un premio della Critica disposto dalla Fiofa, Federazione Italiana Festival d\u2019Autore, Produttori, Discografici, Autori e Artisti; ed un secondo premio speciale concesso dall\u2019AFI, Associazione Fonografi Italiani:<\/p>\n<p><strong>BEBBO GENTILE, STEFANO PETTINI, ENRICO SANNINO,<\/strong><\/p>\n<p><strong>CHRISTIAN CECCONI, FRIDA NERI, CONSUELO ORSINGHER,<\/strong><\/p>\n<p><strong>FORMAZIONE MINIMA , ABLATIVO ASSOLUTO, LORENZO IURACA\u2019 E GLI APPROSSIMATIVI, LUCA JANOVITZ, DIECI DIAZ, LUCA BIASCI feat PAOLO SPARTACO PALAZZI.<\/strong><\/p>\n<p><strong> <\/strong><\/p>\n<p><strong> <\/strong><\/p>\n<p>La<strong> <\/strong>a giuria qualificata sar\u00e0 composta : dal presidente AFI Leopoldo Lombardi, presidente DISMA MUSICA Claudio Formisano, il quale, grazie al contributo Master Music\u00a0 ha messo a disposizione l\u2019intera parte strumentale, da Fernando Villa di Villa Events e Communication produttore dell\u2019evento, dalla splendida attrice, ballerina, coreografa Erminia Moscato e dal\u00a0 patron di Musica Controcorrente e vicepresidente FIOFA,Sergio Garroni, nonch\u00e9 da Fabio Ceccanti direttore artistico di Inedita e Maria Cosimi presidente di Aido provincia di Livorno. La giuria specializzata delibera insieme alla stampa e ad altre personalit\u00e0 dell\u2019amministrazione comunale e provinciale attive nella difesa e nella\u00a0 conservazione del nostro patrimonio culturale.<\/p>\n<p>Due fatti importanti di questa serata dal Rock Village<\/p>\n<p>&#8211;\u00a0\u00a0\u00a0\u00a0\u00a0\u00a0 la registrazione live dei brani in gara per la compilation Spazio d\u2019Autore 2011 per Cloudisque, che uscir\u00e0 in settembre, e\u2019 curata dallo Studio Suono &amp; Immagine di Mario Fabiani e parte dei cui ricavati andranno ad Aido<\/p>\n<p>&#8211;\u00a0\u00a0\u00a0\u00a0\u00a0\u00a0 Tutto lo spettacolo godr\u00e0 delle riprese televisive per il canale 950 di Sky curate da Bs Spettacolo e per il canale tematico Controcorrente.tv<\/p>\n<p>&#8211;<\/p>\n<p>Presentano\u00a0 Serena Boldrini e Pino Scarpettini.<\/p>\n<h3><strong>16 LUGLIO IN FORTEZZA VECCHIA ORE 22.00<\/strong><\/h3>\n<p><strong><em>Spazio d\u2019Autore 2011<\/em><\/strong>, contenitore d\u2019 importanti premi dedicati al mondo del cantautorato italiano, continua\u00a0 e si conclude il\u00a0<strong>16 luglio<\/strong>, immersi nella splendida scenografia naturale della\u00a0<strong>Fortezza Vecchia di Livorno<\/strong>,\u00a0<strong>precisamente nell\u2019area centrale alle ore 21,45<\/strong>, dove si svolge il\u00a0<strong>Gran Gal\u00e0 d\u2019Autore<\/strong>, rientrando nel programma estivo di quella che fu\u2019 dimora della contessa\u00a0 Matilde e che ora e\u2019 sede di un\u2019intensa attivita\u2019 artistica, culturale e di costume, grazie alla societa\u2019 Phedora e la fondazione Pietro Napoli.<\/p>\n<p>Sar\u00e0 ospite testimonial dell\u2019evento un artista che \u00e8 nato a Spazio d\u2019Autore nel 85 ( proprio a Livorno al teatro la Gran Guardia\u00a0<strong>Flavio Oreglio<\/strong>,\u00a0 che da qui ha iniziato la sua scalata al successo incidendo poi i suoi primi due Lp. Melodie e Parodie e Clownstrofobia per la Emi\/Cloudisque, sino alla fortunata partecipazione a Zelig come poeta catartico, al grande successo dei suoi libri, ma Flavio nasce ed \u00e8 sempre un cantautore di grande talento, sulle orme di Giorgio Gaber. Presenter\u00e0 in anteprima il suo DVD dal titolo \u201c siamo una massa di ignoranti\u2026parliamone!\u201d il 16 luglio dando vita ad una divertente performance per il pubblico presente.<\/p>\n<p><strong>Presenter\u00e0 in anteprima il suo DVD dal titolo \u201c siamo una massa di ignoranti\u2026parliamone!\u201d<\/strong><\/p>\n<p>Altra perla della serata la poliedrica\u00a0<strong>Erminia Moscato<\/strong> in veste di attrice con delle performance che fotografano alcuni personaggi tipo della nostra societ\u00e0. Il risultato \u00e8 divertente e piacevole, puntando sulle realt\u00e0 anche dialettiche delle nostre Regioni.<\/p>\n<p>Una grande novit\u00e0 a livello organizzativo \u00e8 \u201c<strong>Villa Events &amp; Communication<\/strong>\u201d, societ\u00e0 che ha realizzato grandi eventi internazionali e che ha sposato il progetto \u201cSpazio d\u2019Autore \u201c da questa edizione, pensando gi\u00e0 al 2012, per il trentennale.<\/p>\n<p>I Finalisti di Spazio d\u2019Autore 2011 si alterneranno sul palco, vincitori e non:<\/p>\n<p><strong>Bebbo Gentile, Stefano Pettini, Enrico Sannino,<\/strong><\/p>\n<p><strong>Consuelo Orsingher, Formazione Minima , Lorenzo Iuraca\u2019 E Gli Approssimativi, Luca Janovitz, Dieci Diaz, Luca Biasci Feat Paolo Spartaco Palazzi.<\/strong><\/p>\n<p>Presentano il maestro\u00a0<strong>Pino Scarpettini e Serena Boldrini<\/strong>, la serata verra\u2019 ripresa e trasmessa sul canale Sky 950 con servizi ed interviste.<\/p>\n<p>Una grande serata di festa per concludere la\u00a0<strong><em>29\u00b0 edizione di Spazio d\u2019Autore<\/em><\/strong>.<\/p>\n<p><strong>TIZIANA ETNA<br \/>\nUfficio Stampa Spazio d\u2019Autore<\/strong><\/p>\n<p><strong><em>(referente Villa Events &amp; Communication<\/em><\/strong><\/p>\n<p><strong>+39.347.2635029\u00a0\u00a0\u00a0<a href=\"mailto:t.etna@hotmail.it\">t.etna@hotmail.it<\/a><\/strong><\/p>\n<p><strong>redazione@fiofamagazine.com<\/strong><\/p>\n<p><strong>www.fiofamagazine.com<\/strong><\/p>\n<p><strong> <\/strong><\/p>\n<p><strong> <\/strong><\/p>\n<p><strong> <\/strong><\/p>\n<\/div>\n<\/div>\n","protected":false},"excerpt":{"rendered":"<p>Tratto da FiofaMagazine.com Serate finali di Spazio d\u2019Autore 15 LUGLIO AL ROCK VILLAGE Livorno 16 LUGLIO IN FORTEZZA VECCHIA \u00a0a LIVORNO Spazio d\u2019Autore, festival contenitore, venerdi 15 luglio 2011 dedica il Touch Down interamente\u00a0 alle nuove leve del cantautorato e all\u2019assegnazione dei premi. Nel contesto del Rock Village a Livorno, all\u2019interno di Villa Corridi in Via di Collinaia, 19 \/ ore 21. Dopo mesi di selezioni da una ricca rosa di partecipanti e dopo aver conosciuto i tredici\u00a0 finalisti grazie<a href=\"https:\/\/www.erachiaro.com\/erachiaro\/verso-la-finalissima-di-spazio-dautore\/\" class=\"more-link\"><span class=\"readmore\">Continue reading<span class=\"screen-reader-text\">Verso la Finalissima di Spazio d&#8217;Autore<\/span><\/span><\/a><\/p>\n","protected":false},"author":1,"featured_media":0,"comment_status":"open","ping_status":"open","sticky":false,"template":"","format":"standard","meta":{"jetpack_post_was_ever_published":false,"_jetpack_newsletter_access":"","_jetpack_dont_email_post_to_subs":false,"_jetpack_newsletter_tier_id":0,"_jetpack_memberships_contains_paywalled_content":false,"_jetpack_memberships_contains_paid_content":false,"footnotes":"","jetpack_publicize_message":"","jetpack_publicize_feature_enabled":true,"jetpack_social_post_already_shared":false,"jetpack_social_options":{"image_generator_settings":{"template":"highway","enabled":false},"version":2},"_links_to":"","_links_to_target":""},"categories":[8],"tags":[55],"class_list":["post-765","post","type-post","status-publish","format-standard","hentry","category-news","tag-stefano-pettini-fiofamagazine-pino-scarpettini-spazio-dautore-2011"],"jetpack_publicize_connections":[],"jetpack_featured_media_url":"","jetpack_sharing_enabled":true,"jetpack_shortlink":"https:\/\/wp.me\/ptsMu-cl","jetpack_likes_enabled":true,"_links":{"self":[{"href":"https:\/\/www.erachiaro.com\/erachiaro\/wp-json\/wp\/v2\/posts\/765"}],"collection":[{"href":"https:\/\/www.erachiaro.com\/erachiaro\/wp-json\/wp\/v2\/posts"}],"about":[{"href":"https:\/\/www.erachiaro.com\/erachiaro\/wp-json\/wp\/v2\/types\/post"}],"author":[{"embeddable":true,"href":"https:\/\/www.erachiaro.com\/erachiaro\/wp-json\/wp\/v2\/users\/1"}],"replies":[{"embeddable":true,"href":"https:\/\/www.erachiaro.com\/erachiaro\/wp-json\/wp\/v2\/comments?post=765"}],"version-history":[{"count":6,"href":"https:\/\/www.erachiaro.com\/erachiaro\/wp-json\/wp\/v2\/posts\/765\/revisions"}],"predecessor-version":[{"id":773,"href":"https:\/\/www.erachiaro.com\/erachiaro\/wp-json\/wp\/v2\/posts\/765\/revisions\/773"}],"wp:attachment":[{"href":"https:\/\/www.erachiaro.com\/erachiaro\/wp-json\/wp\/v2\/media?parent=765"}],"wp:term":[{"taxonomy":"category","embeddable":true,"href":"https:\/\/www.erachiaro.com\/erachiaro\/wp-json\/wp\/v2\/categories?post=765"},{"taxonomy":"post_tag","embeddable":true,"href":"https:\/\/www.erachiaro.com\/erachiaro\/wp-json\/wp\/v2\/tags?post=765"}],"curies":[{"name":"wp","href":"https:\/\/api.w.org\/{rel}","templated":true}]}}