{"id":732,"date":"2011-06-14T10:13:46","date_gmt":"2011-06-14T08:13:46","guid":{"rendered":"http:\/\/www.erachiaro.com\/erachiaro\/?p=732"},"modified":"2011-06-25T22:40:19","modified_gmt":"2011-06-25T20:40:19","slug":"finalissima-spazio-dautore-2011-15-luglio-2011","status":"publish","type":"post","link":"https:\/\/www.erachiaro.com\/erachiaro\/finalissima-spazio-dautore-2011-15-luglio-2011\/","title":{"rendered":"FINALISSIMA SPAZIO D&#8217;AUTORE 2011 &#8211; 15 LUGLIO 2011"},"content":{"rendered":"<div>\n<p style=\"text-align: center;\"><a href=\"http:\/\/www.erachiaro.com\/erachiaro\/wp-content\/uploads\/2011\/06\/spazio-dautore-2011.png\"><img loading=\"lazy\" decoding=\"async\" class=\"alignleft size-medium wp-image-736\" title=\"spazio d'autore 2011\" src=\"http:\/\/www.erachiaro.com\/erachiaro\/wp-content\/uploads\/2011\/06\/spazio-dautore-2011-200x300.png\" alt=\"\" width=\"200\" height=\"300\" srcset=\"https:\/\/www.erachiaro.com\/erachiaro\/wp-content\/uploads\/2011\/06\/spazio-dautore-2011-200x300.png 200w, https:\/\/www.erachiaro.com\/erachiaro\/wp-content\/uploads\/2011\/06\/spazio-dautore-2011.png 320w\" sizes=\"(max-width: 200px) 100vw, 200px\" \/><\/a><\/p>\n<p style=\"text-align: center;\">\n<p style=\"text-align: center;\">\n<p style=\"text-align: center;\">\n<div>\n<div>\n<p><a rel=\"nofollow\" href=\"http:\/\/lnk.ms\/LjjGB\" target=\"_blank\"><\/a><\/p>\n<div>\n<div style=\"text-align: center;\"><a rel=\"nofollow\" href=\"http:\/\/lnk.ms\/LjjGB\" target=\"_blank\">Era chiaro. a LA FINALISSIMA del Premio Spazio d&#8217;autore<\/a> Touch Down 2011.<\/div>\n<div style=\"text-align: center;\">Ultimo appuntamento con LA FINALISSIMA di Spazio d&#8217;Autore Touch Down 2011 che si svolger\u00e0 \u00a0al Livorno Rock Village Venerd\u00ec 15 Luglio.<\/div>\n<div style=\"text-align: center;\">La serata, che avr\u00e0 come ospite d&#8217;onore il mitico <strong>Flavio Oreglio<\/strong>, vedr\u00e0 Stefano Pettini impegnato a presentare in anteprima dal vivo 2 brani tratti dal nuovo album in prossima uscita dal titolo : (Non) Credi alle favole ?!?<\/div>\n<\/div>\n<\/div>\n<p style=\"text-align: center;\"><img loading=\"lazy\" decoding=\"async\" class=\"aligncenter\" title=\"spaziodautore\" src=\"http:\/\/www.erachiaro.com\/erachiaro\/wp-content\/uploads\/2011\/04\/spaziodautore1.png\" alt=\"\" width=\"408\" height=\"146\" \/><img decoding=\"async\" class=\"aligncenter\" src=\"http:\/\/external.ak.fbcdn.net\/safe_image.php?d=226ea0585903c8cba9435e6f3002508d&amp;w=90&amp;h=90&amp;url=http%3A%2F%2Fa4.l3-images.myspacecdn.com%2Fimages02%2F150%2F8a5154c24b724d75bf57c3400cfe6a0b%2Fm.jpg\" alt=\"\" \/><\/p>\n<\/div>\n<\/div>\n","protected":false},"excerpt":{"rendered":"<p>Era chiaro. a LA FINALISSIMA del Premio Spazio d&#8217;autore Touch Down 2011. Ultimo appuntamento con LA FINALISSIMA di Spazio d&#8217;Autore Touch Down 2011 che si svolger\u00e0 \u00a0al Livorno Rock Village Venerd\u00ec 15 Luglio. La serata, che avr\u00e0 come ospite d&#8217;onore il mitico Flavio Oreglio, vedr\u00e0 Stefano Pettini impegnato a presentare in anteprima dal vivo 2 brani tratti dal nuovo album in prossima uscita dal titolo : (Non) Credi alle favole ?!?<\/p>\n","protected":false},"author":1,"featured_media":0,"comment_status":"open","ping_status":"open","sticky":false,"template":"","format":"standard","meta":{"jetpack_post_was_ever_published":false,"_jetpack_newsletter_access":"","_jetpack_dont_email_post_to_subs":false,"_jetpack_newsletter_tier_id":0,"_jetpack_memberships_contains_paywalled_content":false,"_jetpack_memberships_contains_paid_content":false,"footnotes":"","jetpack_publicize_message":"","jetpack_publicize_feature_enabled":true,"jetpack_social_post_already_shared":false,"jetpack_social_options":{"image_generator_settings":{"template":"highway","enabled":false},"version":2},"_links_to":"","_links_to_target":""},"categories":[8],"tags":[],"class_list":["post-732","post","type-post","status-publish","format-standard","hentry","category-news"],"jetpack_publicize_connections":[],"jetpack_featured_media_url":"","jetpack_sharing_enabled":true,"jetpack_shortlink":"https:\/\/wp.me\/ptsMu-bO","jetpack_likes_enabled":true,"_links":{"self":[{"href":"https:\/\/www.erachiaro.com\/erachiaro\/wp-json\/wp\/v2\/posts\/732"}],"collection":[{"href":"https:\/\/www.erachiaro.com\/erachiaro\/wp-json\/wp\/v2\/posts"}],"about":[{"href":"https:\/\/www.erachiaro.com\/erachiaro\/wp-json\/wp\/v2\/types\/post"}],"author":[{"embeddable":true,"href":"https:\/\/www.erachiaro.com\/erachiaro\/wp-json\/wp\/v2\/users\/1"}],"replies":[{"embeddable":true,"href":"https:\/\/www.erachiaro.com\/erachiaro\/wp-json\/wp\/v2\/comments?post=732"}],"version-history":[{"count":5,"href":"https:\/\/www.erachiaro.com\/erachiaro\/wp-json\/wp\/v2\/posts\/732\/revisions"}],"predecessor-version":[{"id":734,"href":"https:\/\/www.erachiaro.com\/erachiaro\/wp-json\/wp\/v2\/posts\/732\/revisions\/734"}],"wp:attachment":[{"href":"https:\/\/www.erachiaro.com\/erachiaro\/wp-json\/wp\/v2\/media?parent=732"}],"wp:term":[{"taxonomy":"category","embeddable":true,"href":"https:\/\/www.erachiaro.com\/erachiaro\/wp-json\/wp\/v2\/categories?post=732"},{"taxonomy":"post_tag","embeddable":true,"href":"https:\/\/www.erachiaro.com\/erachiaro\/wp-json\/wp\/v2\/tags?post=732"}],"curies":[{"name":"wp","href":"https:\/\/api.w.org\/{rel}","templated":true}]}}